{"id":7952,"date":"2024-12-13T15:06:41","date_gmt":"2024-12-13T15:06:41","guid":{"rendered":"https:\/\/digitalenergy.com.pl\/ampliacion-del-periodo-de-contratacion-en-el-programa-moj-prad-6-0-mas-oportunidades-de-apoyo-a-las-inversiones-en-energias-renovables\/"},"modified":"2025-03-12T10:03:24","modified_gmt":"2025-03-12T10:03:24","slug":"ampliacion-del-periodo-de-contratacion-en-el-programa-moj-prad-6-0-mas-oportunidades-de-apoyo-a-las-inversiones-en-energias-renovables","status":"publish","type":"post","link":"https:\/\/digitalenergy.com.pl\/es\/ampliacion-del-periodo-de-contratacion-en-el-programa-moj-prad-6-0-mas-oportunidades-de-apoyo-a-las-inversiones-en-energias-renovables\/","title":{"rendered":"Ampliaci\u00f3n del periodo de contrataci\u00f3n en el programa \u00abM\u00f3j Pr\u0105d 6.0\u00bb: m\u00e1s oportunidades de apoyo a las inversiones en energ\u00edas renovables"},"content":{"rendered":"\n<h2 class=\"wp-block-heading\" id=\"h-dobra-wiadomosc-dla-wszystkich-ktorzy-planuja-zainwestowac-w-instalacje-paneli-fotowoltaicznych-i-magazynow-energii-nabor-wnioskow-w-programie-moj-prad-6-0-zostal-przedluzony-do-marca-2025-roku-to-swietna-okazja-by-skorzystac-z-rzadowego-wsparcia-i-zainwestowac-w-rozwiazania-ktore-obniza-koszty-energii-zwieksza-niezaleznosc-energetyczna-oraz-przyczynia-sie-do-ochrony-srodowiska\">Buenas noticias para todos aquellos que planean invertir en la instalaci\u00f3n de paneles fotovoltaicos y sistemas de almacenamiento de energ\u00eda: \u00a1el per\u00edodo de solicitud para el programa \u00abM\u00f3j Pr\u0105d 6.0\u00bb se ha extendido hasta marzo de 2025! Esta es una gran oportunidad para aprovechar el apoyo del gobierno e invertir en soluciones que reducir\u00e1n los costos de energ\u00eda, aumentar\u00e1n la independencia energ\u00e9tica y contribuir\u00e1n a la protecci\u00f3n del medio ambiente. <\/h2>\n\n<figure class=\"wp-block-gallery has-nested-images columns-default is-cropped wp-block-gallery-1 is-layout-flex wp-block-gallery-is-layout-flex\">\n<figure class=\"wp-block-image size-large\"><a href=\"https:\/\/digitalenergy.com.pl\/wp-content\/uploads\/2024\/12\/Instalacja-paneli-fotowoltaicznych-na-dachu-domu-1.jpg\"><img fetchpriority=\"high\" decoding=\"async\" width=\"1024\" height=\"1024\" data-id=\"7203\" src=\"https:\/\/digitalenergy.com.pl\/wp-content\/uploads\/2024\/12\/Instalacja-paneli-fotowoltaicznych-na-dachu-domu-1.jpg\" alt=\"\" class=\"wp-image-7203\" srcset=\"https:\/\/digitalenergy.com.pl\/wp-content\/uploads\/2024\/12\/Instalacja-paneli-fotowoltaicznych-na-dachu-domu-1.jpg 1024w, https:\/\/digitalenergy.com.pl\/wp-content\/uploads\/2024\/12\/Instalacja-paneli-fotowoltaicznych-na-dachu-domu-1-300x300.jpg 300w, https:\/\/digitalenergy.com.pl\/wp-content\/uploads\/2024\/12\/Instalacja-paneli-fotowoltaicznych-na-dachu-domu-1-150x150.jpg 150w, https:\/\/digitalenergy.com.pl\/wp-content\/uploads\/2024\/12\/Instalacja-paneli-fotowoltaicznych-na-dachu-domu-1-768x768.jpg 768w, https:\/\/digitalenergy.com.pl\/wp-content\/uploads\/2024\/12\/Instalacja-paneli-fotowoltaicznych-na-dachu-domu-1-600x600.jpg 600w, https:\/\/digitalenergy.com.pl\/wp-content\/uploads\/2024\/12\/Instalacja-paneli-fotowoltaicznych-na-dachu-domu-1-100x100.jpg 100w\" sizes=\"(max-width: 1024px) 100vw, 1024px\" \/><\/a><\/figure>\n<\/figure>\n\n<p><strong>\u00bfQu\u00e9 novedades hay en \u00abMi Actual 6.0\u00bb?<\/strong><\/p>\n\n<p>El programa gubernamental \u00abM\u00f3j Pr\u0105d\u00bb es una continuaci\u00f3n de las actividades destinadas a apoyar a los ciudadanos polacos en la transici\u00f3n a fuentes de energ\u00eda renovables. El objetivo del programa es permitir que hogares individuales, agricultores y peque\u00f1as empresas instalen sistemas fotovoltaicos e instalaciones de almacenamiento de energ\u00eda. En el marco de la iniciativa \u00abM\u00f3j Pr\u0105d 6.0\u00bb se ofrecen subvenciones que ayudan a cubrir parte de los costes de compra e instalaci\u00f3n de paneles fotovoltaicos y sistemas de almacenamiento de energ\u00eda.  <\/p>\n\n<p><strong>\u00bfPor qu\u00e9 vale la pena usarlo?<\/strong><\/p>\n\n<p>Aumentar la eficiencia energ\u00e9tica y garantizar el acceso a energ\u00eda limpia propia son beneficios clave de la energ\u00eda fotovoltaica. El programa permite la inversi\u00f3n en tecnolog\u00edas modernas que reducir\u00e1n los costos de electricidad y disminuir\u00e1n la dependencia de las fuentes de energ\u00eda tradicionales. Adem\u00e1s, las instalaciones fotovoltaicas contribuyen a la protecci\u00f3n del medio ambiente al reducir las emisiones de gases de efecto invernadero.  <\/p>\n\n<figure class=\"wp-block-image size-full\"><a href=\"https:\/\/digitalenergy.com.pl\/wp-content\/uploads\/2024\/12\/Instalacja-paneli-fotowoltaicznych-na-dachu-domu-wygladajaca-jak-zdjecie-1.jpg\"><img decoding=\"async\" width=\"1024\" height=\"1024\" src=\"https:\/\/digitalenergy.com.pl\/wp-content\/uploads\/2024\/12\/Instalacja-paneli-fotowoltaicznych-na-dachu-domu-wygladajaca-jak-zdjecie-1.jpg\" alt=\"\" class=\"wp-image-7207\" srcset=\"https:\/\/digitalenergy.com.pl\/wp-content\/uploads\/2024\/12\/Instalacja-paneli-fotowoltaicznych-na-dachu-domu-wygladajaca-jak-zdjecie-1.jpg 1024w, https:\/\/digitalenergy.com.pl\/wp-content\/uploads\/2024\/12\/Instalacja-paneli-fotowoltaicznych-na-dachu-domu-wygladajaca-jak-zdjecie-1-300x300.jpg 300w, https:\/\/digitalenergy.com.pl\/wp-content\/uploads\/2024\/12\/Instalacja-paneli-fotowoltaicznych-na-dachu-domu-wygladajaca-jak-zdjecie-1-150x150.jpg 150w, https:\/\/digitalenergy.com.pl\/wp-content\/uploads\/2024\/12\/Instalacja-paneli-fotowoltaicznych-na-dachu-domu-wygladajaca-jak-zdjecie-1-768x768.jpg 768w, https:\/\/digitalenergy.com.pl\/wp-content\/uploads\/2024\/12\/Instalacja-paneli-fotowoltaicznych-na-dachu-domu-wygladajaca-jak-zdjecie-1-600x600.jpg 600w, https:\/\/digitalenergy.com.pl\/wp-content\/uploads\/2024\/12\/Instalacja-paneli-fotowoltaicznych-na-dachu-domu-wygladajaca-jak-zdjecie-1-100x100.jpg 100w\" sizes=\"(max-width: 1024px) 100vw, 1024px\" \/><\/a><\/figure>\n\n<p><strong>\u00bfQu\u00e9 ha cambiado en \u00abM\u00f3j Pr\u0105d 6.0\u00bb?<\/strong><\/p>\n\n<p>El Ministerio de Clima y Medio Ambiente anunci\u00f3 que la convocatoria de solicitudes bajo el programa \u00abM\u00f3j Pr\u0105d 6.0\u00bb se ha extendido y la nueva fecha l\u00edmite para la presentaci\u00f3n de solicitudes es el 31 de marzo de 2025. Gracias a esto, las personas que a\u00fan no han tenido tiempo de presentar la solicitud ahora tienen m\u00e1s tiempo para preparar los documentos adecuados y aprovechar el apoyo financiero. Al mismo tiempo, se ha ampliado el fondo de fondos para cofinanciaci\u00f3n, lo que permite conceder un mayor n\u00famero de subvenciones.  <\/p>\n\n<p><strong>\u00bfQui\u00e9n puede aplicar?<\/strong><\/p>\n\n<p>Pueden aplicar al programa personas f\u00edsicas, agricultores y micro, peque\u00f1os y medianos empresarios. Los fondos recibidos podr\u00e1n utilizarse para adquirir e instalar sistemas fotovoltaicos e instalaciones de almacenamiento de energ\u00eda. Cabe destacar que el apoyo est\u00e1 dirigido a personas que planean invertir en tecnolog\u00edas ecol\u00f3gicas y quieren reducir sus facturas de electricidad.  <\/p>\n\n<figure class=\"wp-block-image size-full\"><a href=\"https:\/\/digitalenergy.com.pl\/wp-content\/uploads\/2024\/12\/dotacje-z-polski-dla-domow-z-fotowoltaika.jpg\"><img decoding=\"async\" width=\"1024\" height=\"1024\" src=\"https:\/\/digitalenergy.com.pl\/wp-content\/uploads\/2024\/12\/dotacje-z-polski-dla-domow-z-fotowoltaika.jpg\" alt=\"\" class=\"wp-image-7211\" srcset=\"https:\/\/digitalenergy.com.pl\/wp-content\/uploads\/2024\/12\/dotacje-z-polski-dla-domow-z-fotowoltaika.jpg 1024w, https:\/\/digitalenergy.com.pl\/wp-content\/uploads\/2024\/12\/dotacje-z-polski-dla-domow-z-fotowoltaika-300x300.jpg 300w, https:\/\/digitalenergy.com.pl\/wp-content\/uploads\/2024\/12\/dotacje-z-polski-dla-domow-z-fotowoltaika-150x150.jpg 150w, https:\/\/digitalenergy.com.pl\/wp-content\/uploads\/2024\/12\/dotacje-z-polski-dla-domow-z-fotowoltaika-768x768.jpg 768w, https:\/\/digitalenergy.com.pl\/wp-content\/uploads\/2024\/12\/dotacje-z-polski-dla-domow-z-fotowoltaika-600x600.jpg 600w, https:\/\/digitalenergy.com.pl\/wp-content\/uploads\/2024\/12\/dotacje-z-polski-dla-domow-z-fotowoltaika-100x100.jpg 100w\" sizes=\"(max-width: 1024px) 100vw, 1024px\" \/><\/a><\/figure>\n\n<p><strong>\u00bfC\u00f3mo aplicar?<\/strong><\/p>\n\n<p>Solicitar financiaci\u00f3n es sencillo: s\u00f3lo hay que rellenar el formulario en l\u00ednea en el sitio web del Fondo Nacional para la Protecci\u00f3n del Medio Ambiente y la Gesti\u00f3n del Agua. Todos los documentos necesarios y detalles sobre el programa se pueden encontrar en los sitios web oficiales del gobierno. <\/p>\n\n<p><strong>Resumen<\/strong><\/p>\n\n<p>La ampliaci\u00f3n del plazo de solicitud para el programa \u00abM\u00f3j Pr\u0105d 6.0\u00bb es una gran noticia para aquellos que a\u00fan no han tenido tiempo de presentar sus solicitudes, pero tambi\u00e9n para aquellos que quieran considerar inversiones adicionales en fuentes de energ\u00eda renovables. Es hora de tomar una decisi\u00f3n sobre el futuro de su energ\u00eda y unirse al creciente grupo de polacos que se centran en la energ\u00eda ecol\u00f3gica. <\/p>\n\n<p>Le animamos a aprovechar el plazo de solicitud ampliado e invertir en un futuro energ\u00e9tico que traer\u00e1 beneficios tanto financieros como ecol\u00f3gicos.<\/p>\n\n<hr class=\"wp-block-separator has-alpha-channel-opacity\"\/>\n\n<p>Informaci\u00f3n m\u00e1s detallada se puede encontrar en el sitio web del gobierno:<a href=\"https:\/\/www.gov.pl\/web\/nfosigw\/dluzszy-nabor-wnioskow-w-programie-moj-prad6.0\" rel=\"nofollow noopener\" target=\"_blank\"> www.gov.pl<\/a>\u200b<\/p>\n\n<p><\/p>\n","protected":false},"excerpt":{"rendered":"<p>Buenas noticias para todos aquellos que planean invertir en la instalaci\u00f3n de paneles fotovoltaicos y sistemas de almacenamiento de energ\u00eda: \u00a1el per\u00edodo de solicitud para el programa \u00abM\u00f3j Pr\u0105d 6.0\u00bb se ha extendido hasta marzo de 2025! Esta es una gran oportunidad para aprovechar el apoyo del gobierno e invertir en soluciones que reducir\u00e1n los [&hellip;]<\/p>\n","protected":false},"author":1,"featured_media":7958,"comment_status":"closed","ping_status":"closed","sticky":false,"template":"","format":"standard","meta":{"footnotes":""},"categories":[854,867],"tags":[856,908,879,927,874,876,909,881,931,930,923,928,929,873,859],"class_list":["post-7952","post","type-post","status-publish","format-standard","has-post-thumbnail","hentry","category-energia-renovable","category-subvenciones","tag-almacenamiento-de-energia","tag-digitalenergy-es","tag-energiasloneczna-es","tag-fotowoltaika-es","tag-inwestycja-es","tag-magazynenergii-es","tag-niezaleznosc-es","tag-odnawialnezrodlaenergii-es","tag-oszczedzanie-es","tag-panelefotowoltaiczne-es","tag-przyszlosc-es","tag-solarenergy-es","tag-upgrade-es","tag-zielonaenergia-es","tag-fsolar-es"],"_links":{"self":[{"href":"https:\/\/digitalenergy.com.pl\/es\/wp-json\/wp\/v2\/posts\/7952","targetHints":{"allow":["GET"]}}],"collection":[{"href":"https:\/\/digitalenergy.com.pl\/es\/wp-json\/wp\/v2\/posts"}],"about":[{"href":"https:\/\/digitalenergy.com.pl\/es\/wp-json\/wp\/v2\/types\/post"}],"author":[{"embeddable":true,"href":"https:\/\/digitalenergy.com.pl\/es\/wp-json\/wp\/v2\/users\/1"}],"replies":[{"embeddable":true,"href":"https:\/\/digitalenergy.com.pl\/es\/wp-json\/wp\/v2\/comments?post=7952"}],"version-history":[{"count":1,"href":"https:\/\/digitalenergy.com.pl\/es\/wp-json\/wp\/v2\/posts\/7952\/revisions"}],"predecessor-version":[{"id":7959,"href":"https:\/\/digitalenergy.com.pl\/es\/wp-json\/wp\/v2\/posts\/7952\/revisions\/7959"}],"wp:featuredmedia":[{"embeddable":true,"href":"https:\/\/digitalenergy.com.pl\/es\/wp-json\/wp\/v2\/media\/7958"}],"wp:attachment":[{"href":"https:\/\/digitalenergy.com.pl\/es\/wp-json\/wp\/v2\/media?parent=7952"}],"wp:term":[{"taxonomy":"category","embeddable":true,"href":"https:\/\/digitalenergy.com.pl\/es\/wp-json\/wp\/v2\/categories?post=7952"},{"taxonomy":"post_tag","embeddable":true,"href":"https:\/\/digitalenergy.com.pl\/es\/wp-json\/wp\/v2\/tags?post=7952"}],"curies":[{"name":"wp","href":"https:\/\/api.w.org\/{rel}","templated":true}]}}